{"id":7202,"date":"2026-09-02T16:30:20","date_gmt":"2026-09-02T14:30:20","guid":{"rendered":"https:\/\/vlggvd.de\/?p=7202"},"modified":"2026-09-02T16:30:20","modified_gmt":"2026-09-02T14:30:20","slug":"mitarbeiter-tiefkuehlabteilung-trier","status":"publish","type":"post","link":"https:\/\/vlggvd.de\/?p=7202","title":{"rendered":"Mitarbeiter \u2013 Tiefk\u00fchlabteilung (Trier)"},"content":{"rendered":"\n<h2 class=\"wp-block-heading\">Mitarbeiter (m\/w\/d) \u2013 Tiefk\u00fchlabteilung (Trier)<\/h2>\n\n\n\n<p class=\"wp-block-paragraph\">\u00dcBER UNS<\/p>\n\n\n\n<p class=\"wp-block-paragraph\">Wir sind ein familiengef\u00fchrter Lebensmittelgro\u00dfh\u00e4ndler und beliefern erfolgreich Gastronomie, Hotellerie und den Care-Bereich im gesamten S\u00fcdwesten Deutschlands, sowie Bereiche in Frankreich und Luxemburg mit hochwertigen Lebensmitteln. Zus\u00e4tzlich betreiben wir zwei C+C M\u00e4rkte in Saarbr\u00fccken und Trier. Unser Schwerpunkt liegt auf Produktvielfalt, Qualit\u00e4t und Service. F\u00fcr unsere Tiefk\u00fchlabteilung in <strong>Trier<\/strong> suchen wir schnellstm\u00f6glich einen\u00a0<strong>Mitarbeiter (m\/w\/d).<\/strong><\/p>\n\n\n\n<p class=\"wp-block-paragraph\">IHRE AUFGABEN<\/p>\n\n\n\n<p class=\"wp-block-paragraph\">Organisation &amp; Administration<\/p>\n\n\n\n<ul class=\"wp-block-list\">\n<li>Eigenverantwortliche Durchf\u00fchrung organisatorischer und administrativer T\u00e4tigkeiten<\/li>\n\n\n\n<li>Kontrolle der Warenlieferungen<\/li>\n\n\n\n<li>Pflege und Verwaltung relevanter Waren- und Bestandsdaten<\/li>\n<\/ul>\n\n\n\n<p class=\"wp-block-paragraph\">Warenmanagement<\/p>\n\n\n\n<ul class=\"wp-block-list\">\n<li>Disposition und Bestellung des Warensortiments in enger Abstimmung mit unseren Lieferanten<\/li>\n\n\n\n<li>Sicherstellung einer optimalen Warenverf\u00fcgbarkeit<\/li>\n\n\n\n<li>Ordnungsgem\u00e4\u00dfe Regal- und Lagerbest\u00fcckung nach dem FIFO-Prinzip (First In \u2013 First Out)<\/li>\n\n\n\n<li>Mitwirkung bei Warenpr\u00e4sentation und Bestandskontrolle<\/li>\n<\/ul>\n\n\n\n<p class=\"wp-block-paragraph\">Kundenservice &amp; Auftragsabwicklung<\/p>\n\n\n\n<ul class=\"wp-block-list\">\n<li>Kompetente und serviceorientierte Beratung unserer Kunden \u2013 telefonisch und pers\u00f6nlich im Markt<\/li>\n\n\n\n<li>Erfassung, Vorbereitung und Zusammenstellung von Kundenauftr\u00e4gen f\u00fcr die Auslieferung<\/li>\n\n\n\n<li>Enge Zusammenarbeit mit Verkauf, Lager und Logistik<\/li>\n<\/ul>\n\n\n\n<p class=\"wp-block-paragraph\">IHR PROFIL<\/p>\n\n\n\n<ul class=\"wp-block-list\">\n<li>Erste Kenntnisse im Warenmanagement oder in der Kundenbetreuung von Vorteil<\/li>\n\n\n\n<li>Strukturierte, sorgf\u00e4ltige und eigenverantwortliche Arbeitsweise<\/li>\n\n\n\n<li>Ausgepr\u00e4gte Service- und Kundenorientierung sowie Qualit\u00e4tsbewusstsein<\/li>\n\n\n\n<li>Teamf\u00e4higkeit, Zuverl\u00e4ssigkeit und Kommunikationsst\u00e4rke<\/li>\n\n\n\n<li>K\u00f6rperliche Belastbarkeit und Bereitschaft zur Arbeit im Tiefk\u00fchlbereich<\/li>\n<\/ul>\n\n\n\n<p class=\"wp-block-paragraph\">UNSER ANGEBOT<\/p>\n\n\n\n<ul class=\"wp-block-list\">\n<li>Sicherer Arbeitsplatz in einem erfolgreichen, familiengef\u00fchrten Unternehmen<\/li>\n\n\n\n<li>Langfristige berufliche Perspektive mit flachen Hierarchien und kurzen Entscheidungswegen<\/li>\n\n\n\n<li>Individuelle und praxisnahe Einarbeitung<\/li>\n\n\n\n<li>29 Tage Urlaub<\/li>\n\n\n\n<li>Urlaubs- und Weihnachtsgeld<\/li>\n\n\n\n<li>Betriebliche Altersvorsorge<\/li>\n\n\n\n<li>Attraktive Mitarbeiterrabatte (Personalrabatt &amp; Corporate Benefits)<\/li>\n\n\n\n<li>Angenehmes Betriebsklima in einem motivierten und kollegialen Team<\/li>\n\n\n\n<li>Eine faire und leistungsgerechte Bezahlung<\/li>\n\n\n\n<li>Geregelte Arbeitszeiten<\/li>\n<\/ul>\n\n\n\n<p class=\"wp-block-paragraph\">Haben wir Ihr Interesse geweckt?<\/p>\n\n\n\n<h2 class=\"wp-block-heading\">Bitte senden Sie Ihre Bewerbung an:<br><a href=\"mailto:michael.wirbel@c-gro-sb.de\"><\/a><a href=\"mailto:stanislav.klimek@cgrotr.de\">stanislav.klimek@cgrotr.de<\/a><\/h2>\n\n\n\n<p class=\"wp-block-paragraph\">Stanislav Klimek<br>Telefon: +49 651 14705601<\/p>\n\n\n\n<p class=\"wp-block-paragraph\"><\/p>\n","protected":false},"excerpt":{"rendered":"<p>Mitarbeiter (m\/w\/d) \u2013 Tiefk\u00fchlabteilung (Trier) \u00dcBER UNS Wir sind ein familiengef\u00fchrter Lebensmittelgro\u00dfh\u00e4ndler und beliefern erfolgreich Gastronomie, Hotellerie und den Care-Bereich im gesamten S\u00fcdwesten Deutschlands, sowie Bereiche in Frankreich und Luxemburg mit hochwertigen Lebensmitteln. Zus\u00e4tzlich betreiben wir zwei C+C M\u00e4rkte in Saarbr\u00fccken und Trier. Unser Schwerpunkt liegt auf Produktvielfalt, Qualit\u00e4t und Service. F\u00fcr unsere Tiefk\u00fchlabteilung in Trier suchen wir schnellstm\u00f6glich einen\u00a0Mitarbeiter (m\/w\/d). IHRE AUFGABEN Organisation &amp; Administration Warenmanagement Kundenservice &amp; Auftragsabwicklung&#8230;<\/p>\n","protected":false},"author":1,"featured_media":7205,"comment_status":"closed","ping_status":"closed","sticky":false,"template":"","format":"standard","meta":{"_kad_post_transparent":"","_kad_post_title":"","_kad_post_layout":"","_kad_post_sidebar_id":"","_kad_post_content_style":"","_kad_post_vertical_padding":"","_kad_post_feature":"","_kad_post_feature_position":"","_kad_post_header":false,"_kad_post_footer":false,"_kad_post_classname":"","footnotes":""},"categories":[4],"tags":[],"class_list":["post-7202","post","type-post","status-publish","format-standard","has-post-thumbnail","hentry","category-karriere"],"_links":{"self":[{"href":"https:\/\/vlggvd.de\/index.php?rest_route=\/wp\/v2\/posts\/7202","targetHints":{"allow":["GET"]}}],"collection":[{"href":"https:\/\/vlggvd.de\/index.php?rest_route=\/wp\/v2\/posts"}],"about":[{"href":"https:\/\/vlggvd.de\/index.php?rest_route=\/wp\/v2\/types\/post"}],"author":[{"embeddable":true,"href":"https:\/\/vlggvd.de\/index.php?rest_route=\/wp\/v2\/users\/1"}],"replies":[{"embeddable":true,"href":"https:\/\/vlggvd.de\/index.php?rest_route=%2Fwp%2Fv2%2Fcomments&post=7202"}],"version-history":[{"count":2,"href":"https:\/\/vlggvd.de\/index.php?rest_route=\/wp\/v2\/posts\/7202\/revisions"}],"predecessor-version":[{"id":7206,"href":"https:\/\/vlggvd.de\/index.php?rest_route=\/wp\/v2\/posts\/7202\/revisions\/7206"}],"wp:featuredmedia":[{"embeddable":true,"href":"https:\/\/vlggvd.de\/index.php?rest_route=\/wp\/v2\/media\/7205"}],"wp:attachment":[{"href":"https:\/\/vlggvd.de\/index.php?rest_route=%2Fwp%2Fv2%2Fmedia&parent=7202"}],"wp:term":[{"taxonomy":"category","embeddable":true,"href":"https:\/\/vlggvd.de\/index.php?rest_route=%2Fwp%2Fv2%2Fcategories&post=7202"},{"taxonomy":"post_tag","embeddable":true,"href":"https:\/\/vlggvd.de\/index.php?rest_route=%2Fwp%2Fv2%2Ftags&post=7202"}],"curies":[{"name":"wp","href":"https:\/\/api.w.org\/{rel}","templated":true}]}}