{"id":6601,"date":"2025-10-28T12:28:05","date_gmt":"2025-10-28T11:28:05","guid":{"rendered":"https:\/\/vlggvd.de\/?p=6601"},"modified":"2026-04-08T10:26:00","modified_gmt":"2026-04-08T08:26:00","slug":"verkaeufer-metzgereitheke","status":"publish","type":"post","link":"https:\/\/vlggvd.de\/?p=6601","title":{"rendered":"Verk\u00e4ufer Metzgereitheke (Saarbr\u00fccken \/ Trier)"},"content":{"rendered":"\n<h2 class=\"wp-block-heading\">Verk\u00e4ufer Metzgereitheke (M \/ W \/ D) in Saarbr\u00fccken und Trier in Vollzeit<\/h2>\n\n\n\n<p>\u00dcBER UNS<\/p>\n\n\n\n<p>Wir sind ein familiengef\u00fchrter Lebensmittelgro\u00dfh\u00e4ndler und beliefern erfolgreich Gastronomie, Hotellerie und den Care-Bereich im gesamten S\u00fcdwesten Deutschlands, sowie Bereiche in Frankreich und Luxemburg mit hochwertigen Lebensmitteln. Zus\u00e4tzlich betreiben wir zwei C+C M\u00e4rkte in <strong>Saarbr\u00fccken<\/strong> und <strong>Trier<\/strong>. Unser Schwerpunkt liegt auf Produktvielfalt, Qualit\u00e4t und Service. F\u00fcr unseren C+C Markt in Saarbr\u00fccken und Trier suchen wir einen <strong>Verk\u00e4ufer (m\/w\/d) f\u00fcr unsere Metzgereitheke<\/strong>.<\/p>\n\n\n\n<p>IHRE AUFGABEN<\/p>\n\n\n\n<ul class=\"wp-block-list\">\n<li><strong>Kundenservice &amp; Beratung<\/strong>: Sie begeistern und beraten unsere Kunden zu unserem umfangreichen Fleisch- und Wurstsortiment an der Theke.<\/li>\n\n\n\n<li><strong>Erf\u00fcllung individueller Kundenw\u00fcnsche:<\/strong> Sie schneiden und portionieren unsere Fleisch- und Wurstwaren nach individuellen Kundenw\u00fcnschen und -anforderungen.<\/li>\n\n\n\n<li><strong>Warenpr\u00e4sentation:<\/strong>&nbsp;Sie k\u00fcmmern sich um die ansprechende Pr\u00e4sentation der Wurst- und Fleischwaren.<\/li>\n\n\n\n<li><strong>Qualit\u00e4tskontrolle:<\/strong>&nbsp;Sie stellen die Frische und Qualit\u00e4t der Ware sicher und halten dabei die gesetzlichen und beh\u00f6rdlichen Qualit\u00e4tsvorschriften ein (z.B. HACCP, MHD-Kontrolle).<\/li>\n<\/ul>\n\n\n\n<p>IHR PROFIL<\/p>\n\n\n\n<ul class=\"wp-block-list\">\n<li><strong>Ausbildung:<\/strong> Idealerweise verf\u00fcgen Sie \u00fcber Erfahrung als Metzger oder Metzgereifachverk\u00e4ufer (m\/w\/d). Auch als Quereinsteiger sind Sie bei uns herzlich willkommen.<\/li>\n\n\n\n<li><strong>Sprachkenntnisse:<\/strong> Deutsch in Wort und Schrift, mindestens Stufe B1<\/li>\n\n\n\n<li><strong>Erfahrungen und Kenntnisse<\/strong>: Erste Erfahrungen im Verkauf an der Frischetheke und Interesse am Handel mit Wurst- und Fleischwaren w\u00e4ren w\u00fcnschenswert.<\/li>\n\n\n\n<li><strong>Kundenorientierung:<\/strong> Sie haben Spa\u00df am Verkauf und der Beratung von Kunden und zeichnen sich durch Freundlichkeit, kundenorientiertes Auftreten und Qualit\u00e4tsbewusstsein aus.<\/li>\n<\/ul>\n\n\n\n<p>UNSER ANGEBOT<\/p>\n\n\n\n<ul class=\"wp-block-list\">\n<li>29 Tage Urlaub<\/li>\n\n\n\n<li>Urlaubs- und Weihnachtsgeld<\/li>\n\n\n\n<li>Betriebliche Altersvorsorge<\/li>\n\n\n\n<li>Eine individuelle und praxisnahe Einarbeitung<\/li>\n\n\n\n<li>Ein Arbeitsverh\u00e4ltnis mit langfristiger Planbarkeit in einem erfolgreich gef\u00fchrten Familienunternehmen und einem kollegialen Team mit flachen Hierarchien<\/li>\n\n\n\n<li>Mitarbeiterrabatte (Personalrabatt, Corporate Benefits)<\/li>\n<\/ul>\n\n\n\n<p>Haben wir Ihr Interesse geweckt? Dann freuen wir uns auf Ihre Bewerbung!<\/p>\n\n\n\n<h2 class=\"wp-block-heading\">Bitte senden Sie Ihre Bewerbung f\u00fcr Saarbr\u00fccken an:<br><a href=\"mailto:michael.wirbel@cgrosb.de\">michael.wirbel@cgrosb.de<\/a><\/h2>\n\n\n\n<p>Michael Wirbel<br>Telefon: +49 681 68709301<\/p>\n\n\n\n<h2 class=\"wp-block-heading\">Bitte senden Sie Ihre Bewerbung f\u00fcr Trier an:<br><a href=\"mailto:michael.wirbel@c-gro-sb.de\"><\/a><a href=\"mailto:stanislav.klimek@cgrotr.de\">stanislav.klimek@cgrotr.de<\/a><\/h2>\n\n\n\n<p>Stanislav Klimek<br>Telefon: +49 651 14705601<\/p>\n\n\n\n<p><\/p>\n","protected":false},"excerpt":{"rendered":"<p>Verk\u00e4ufer Metzgereitheke (M \/ W \/ D) in Saarbr\u00fccken und Trier in Vollzeit \u00dcBER UNS Wir sind ein familiengef\u00fchrter Lebensmittelgro\u00dfh\u00e4ndler und beliefern erfolgreich Gastronomie, Hotellerie und den Care-Bereich im gesamten S\u00fcdwesten Deutschlands, sowie Bereiche in Frankreich und Luxemburg mit hochwertigen Lebensmitteln. Zus\u00e4tzlich betreiben wir zwei C+C M\u00e4rkte in Saarbr\u00fccken und Trier. Unser Schwerpunkt liegt auf Produktvielfalt, Qualit\u00e4t und Service. F\u00fcr unseren C+C Markt in Saarbr\u00fccken und Trier suchen wir einen&#8230;<\/p>\n","protected":false},"author":6,"featured_media":6875,"comment_status":"closed","ping_status":"","sticky":false,"template":"","format":"standard","meta":{"_kad_post_transparent":"","_kad_post_title":"","_kad_post_layout":"","_kad_post_sidebar_id":"","_kad_post_content_style":"","_kad_post_vertical_padding":"","_kad_post_feature":"","_kad_post_feature_position":"","_kad_post_header":false,"_kad_post_footer":false,"_kad_post_classname":"","footnotes":""},"categories":[4],"tags":[],"class_list":["post-6601","post","type-post","status-publish","format-standard","has-post-thumbnail","hentry","category-karriere"],"_links":{"self":[{"href":"https:\/\/vlggvd.de\/index.php?rest_route=\/wp\/v2\/posts\/6601","targetHints":{"allow":["GET"]}}],"collection":[{"href":"https:\/\/vlggvd.de\/index.php?rest_route=\/wp\/v2\/posts"}],"about":[{"href":"https:\/\/vlggvd.de\/index.php?rest_route=\/wp\/v2\/types\/post"}],"author":[{"embeddable":true,"href":"https:\/\/vlggvd.de\/index.php?rest_route=\/wp\/v2\/users\/6"}],"replies":[{"embeddable":true,"href":"https:\/\/vlggvd.de\/index.php?rest_route=%2Fwp%2Fv2%2Fcomments&post=6601"}],"version-history":[{"count":14,"href":"https:\/\/vlggvd.de\/index.php?rest_route=\/wp\/v2\/posts\/6601\/revisions"}],"predecessor-version":[{"id":6880,"href":"https:\/\/vlggvd.de\/index.php?rest_route=\/wp\/v2\/posts\/6601\/revisions\/6880"}],"wp:featuredmedia":[{"embeddable":true,"href":"https:\/\/vlggvd.de\/index.php?rest_route=\/wp\/v2\/media\/6875"}],"wp:attachment":[{"href":"https:\/\/vlggvd.de\/index.php?rest_route=%2Fwp%2Fv2%2Fmedia&parent=6601"}],"wp:term":[{"taxonomy":"category","embeddable":true,"href":"https:\/\/vlggvd.de\/index.php?rest_route=%2Fwp%2Fv2%2Fcategories&post=6601"},{"taxonomy":"post_tag","embeddable":true,"href":"https:\/\/vlggvd.de\/index.php?rest_route=%2Fwp%2Fv2%2Ftags&post=6601"}],"curies":[{"name":"wp","href":"https:\/\/api.w.org\/{rel}","templated":true}]}}